{"@context":"https:\/\/schema.org\/","@type":"CollectionPage","@id":"https:\/\/www.avalcz.cz\/ekonomika\/#CollectionPage","headline":"Ekonomika Category","description":"","url":"https:\/\/www.avalcz.cz\/ekonomika\/","hasPart":[{"@type":"Article","@id":"https:\/\/www.avalcz.cz\/je-ekonomika-na-vzestupu\/","headline":"Je ekonomika na vzestupu?","url":"https:\/\/www.avalcz.cz\/je-ekonomika-na-vzestupu\/","datePublished":"2025-03-01","dateModified":"2023-05-04","mainEntityOfPage":"https:\/\/www.avalcz.cz\/je-ekonomika-na-vzestupu\/","author":{"@type":"Person","@id":"https:\/\/www.avalcz.cz\/author\/#Person","name":"avalcz.cz\n","url":"https:\/\/www.avalcz.cz\/author\/","identifier":1,"image":{"@type":"ImageObject","@id":"https:\/\/secure.gravatar.com\/avatar\/ccdd701717dc93db07d73e0c11dbbb8b91524cccc3bfbd3baea83667a3ebf5d6?s=96&d=mm&r=g","url":"https:\/\/secure.gravatar.com\/avatar\/ccdd701717dc93db07d73e0c11dbbb8b91524cccc3bfbd3baea83667a3ebf5d6?s=96&d=mm&r=g","height":96,"width":96}},"publisher":{"@type":"Organization","name":"avalcz.cz","logo":{"@type":"ImageObject","@id":"\/logo.png","url":"\/logo.png","width":600,"height":60}},"image":{"@type":"ImageObject","@id":"https:\/\/www.avalcz.cz\/wp-content\/uploads\/img_a311815_w2283_t1522915930.png","url":"https:\/\/www.avalcz.cz\/wp-content\/uploads\/img_a311815_w2283_t1522915930.png","height":0,"width":0},"keywords":null},{"@type":"Article","@id":"https:\/\/www.avalcz.cz\/kladenske-hute-zustavaji-uzavreny\/","headline":"Kladensk\u00e9 hut\u011b z\u016fst\u00e1vaj\u00ed uzav\u0159eny","url":"https:\/\/www.avalcz.cz\/kladenske-hute-zustavaji-uzavreny\/","datePublished":"2025-02-27","dateModified":"2023-05-04","mainEntityOfPage":"https:\/\/www.avalcz.cz\/kladenske-hute-zustavaji-uzavreny\/","author":{"@type":"Person","@id":"https:\/\/www.avalcz.cz\/author\/#Person","name":"avalcz.cz\n","url":"https:\/\/www.avalcz.cz\/author\/","identifier":1,"image":{"@type":"ImageObject","@id":"https:\/\/secure.gravatar.com\/avatar\/ccdd701717dc93db07d73e0c11dbbb8b91524cccc3bfbd3baea83667a3ebf5d6?s=96&d=mm&r=g","url":"https:\/\/secure.gravatar.com\/avatar\/ccdd701717dc93db07d73e0c11dbbb8b91524cccc3bfbd3baea83667a3ebf5d6?s=96&d=mm&r=g","height":96,"width":96}},"publisher":{"@type":"Organization","name":"avalcz.cz","logo":{"@type":"ImageObject","@id":"\/logo.png","url":"\/logo.png","width":600,"height":60}},"image":{"@type":"ImageObject","@id":"https:\/\/www.avalcz.cz\/wp-content\/uploads\/img_a323662_w2283_t1535397082.jpg","url":"https:\/\/www.avalcz.cz\/wp-content\/uploads\/img_a323662_w2283_t1535397082.jpg","height":0,"width":0},"keywords":null},{"@type":"Article","@id":"https:\/\/www.avalcz.cz\/jak-jsou-na-tom-podnikatele\/","headline":"Jak jsou na tom podnikatel\u00e9?","url":"https:\/\/www.avalcz.cz\/jak-jsou-na-tom-podnikatele\/","datePublished":"2021-11-18","dateModified":"2023-05-04","mainEntityOfPage":"https:\/\/www.avalcz.cz\/jak-jsou-na-tom-podnikatele\/","author":{"@type":"Person","@id":"https:\/\/www.avalcz.cz\/author\/#Person","name":"avalcz.cz\n","url":"https:\/\/www.avalcz.cz\/author\/","identifier":1,"image":{"@type":"ImageObject","@id":"https:\/\/secure.gravatar.com\/avatar\/ccdd701717dc93db07d73e0c11dbbb8b91524cccc3bfbd3baea83667a3ebf5d6?s=96&d=mm&r=g","url":"https:\/\/secure.gravatar.com\/avatar\/ccdd701717dc93db07d73e0c11dbbb8b91524cccc3bfbd3baea83667a3ebf5d6?s=96&d=mm&r=g","height":96,"width":96}},"publisher":{"@type":"Organization","name":"avalcz.cz","logo":{"@type":"ImageObject","@id":"\/logo.png","url":"\/logo.png","width":600,"height":60}},"image":{"@type":"ImageObject","@id":"https:\/\/www.avalcz.cz\/wp-content\/uploads\/americk%C3%BD%20%C4%8Dtvr%C5%A5%C3%A1k_1.jpg","url":"https:\/\/www.avalcz.cz\/wp-content\/uploads\/americk%C3%BD%20%C4%8Dtvr%C5%A5%C3%A1k_1.jpg","height":0,"width":0},"keywords":null},{"@type":"Article","@id":"https:\/\/www.avalcz.cz\/jak-zjistit-ktera-je-nejlevnejsi-americka-hypoteka\/","headline":"Jak zjistit, kter\u00e1 je nejlevn\u011bj\u0161\u00ed americk\u00e1 hypot\u00e9ka","url":"https:\/\/www.avalcz.cz\/jak-zjistit-ktera-je-nejlevnejsi-americka-hypoteka\/","datePublished":"2021-10-09","dateModified":"2021-10-09","mainEntityOfPage":"https:\/\/www.avalcz.cz\/jak-zjistit-ktera-je-nejlevnejsi-americka-hypoteka\/","author":{"@type":"Person","@id":"https:\/\/www.avalcz.cz\/author\/#Person","name":"avalcz.cz\n","url":"https:\/\/www.avalcz.cz\/author\/","identifier":1,"image":{"@type":"ImageObject","@id":"https:\/\/secure.gravatar.com\/avatar\/ccdd701717dc93db07d73e0c11dbbb8b91524cccc3bfbd3baea83667a3ebf5d6?s=96&d=mm&r=g","url":"https:\/\/secure.gravatar.com\/avatar\/ccdd701717dc93db07d73e0c11dbbb8b91524cccc3bfbd3baea83667a3ebf5d6?s=96&d=mm&r=g","height":96,"width":96}},"publisher":{"@type":"Organization","name":"avalcz.cz","logo":{"@type":"ImageObject","@id":"\/logo.png","url":"\/logo.png","width":600,"height":60}},"image":{"@type":"ImageObject","@id":"https:\/\/www.avalcz.cz\/wp-content\/uploads\/hypoteka2_10_10_10_9.jpg","url":"https:\/\/www.avalcz.cz\/wp-content\/uploads\/hypoteka2_10_10_10_9.jpg","height":0,"width":0},"keywords":null},{"@type":"Article","@id":"https:\/\/www.avalcz.cz\/nestradejme-zbytecne\/","headline":"Nestr\u00e1dejme zbyte\u010dn\u011b","url":"https:\/\/www.avalcz.cz\/nestradejme-zbytecne\/","datePublished":"2021-10-03","dateModified":"2021-10-03","mainEntityOfPage":"https:\/\/www.avalcz.cz\/nestradejme-zbytecne\/","author":{"@type":"Person","@id":"https:\/\/www.avalcz.cz\/author\/#Person","name":"avalcz.cz\n","url":"https:\/\/www.avalcz.cz\/author\/","identifier":1,"image":{"@type":"ImageObject","@id":"https:\/\/secure.gravatar.com\/avatar\/ccdd701717dc93db07d73e0c11dbbb8b91524cccc3bfbd3baea83667a3ebf5d6?s=96&d=mm&r=g","url":"https:\/\/secure.gravatar.com\/avatar\/ccdd701717dc93db07d73e0c11dbbb8b91524cccc3bfbd3baea83667a3ebf5d6?s=96&d=mm&r=g","height":96,"width":96}},"publisher":{"@type":"Organization","name":"avalcz.cz","logo":{"@type":"ImageObject","@id":"\/logo.png","url":"\/logo.png","width":600,"height":60}},"image":{"@type":"ImageObject","@id":"https:\/\/www.avalcz.cz\/wp-content\/uploads\/zma%C4%8Dkan%C3%A1%20bankovka_1.jpg","url":"https:\/\/www.avalcz.cz\/wp-content\/uploads\/zma%C4%8Dkan%C3%A1%20bankovka_1.jpg","height":0,"width":0},"keywords":null},{"@type":"Article","@id":"https:\/\/www.avalcz.cz\/sjednejte-si-tu-nejlepsi-pujcku-bez-zbytecnych-dotazu-a-komplikaci\/","headline":"Sjednejte si tu nejlep\u0161\u00ed p\u016fj\u010dku bez zbyte\u010dn\u00fdch dotaz\u016f a komplikac\u00ed","url":"https:\/\/www.avalcz.cz\/sjednejte-si-tu-nejlepsi-pujcku-bez-zbytecnych-dotazu-a-komplikaci\/","datePublished":"2019-11-19","dateModified":"2023-05-04","mainEntityOfPage":"https:\/\/www.avalcz.cz\/sjednejte-si-tu-nejlepsi-pujcku-bez-zbytecnych-dotazu-a-komplikaci\/","author":{"@type":"Person","@id":"https:\/\/www.avalcz.cz\/author\/#Person","name":"avalcz.cz\n","url":"https:\/\/www.avalcz.cz\/author\/","identifier":1,"image":{"@type":"ImageObject","@id":"https:\/\/secure.gravatar.com\/avatar\/ccdd701717dc93db07d73e0c11dbbb8b91524cccc3bfbd3baea83667a3ebf5d6?s=96&d=mm&r=g","url":"https:\/\/secure.gravatar.com\/avatar\/ccdd701717dc93db07d73e0c11dbbb8b91524cccc3bfbd3baea83667a3ebf5d6?s=96&d=mm&r=g","height":96,"width":96}},"publisher":{"@type":"Organization","name":"avalcz.cz","logo":{"@type":"ImageObject","@id":"\/logo.png","url":"\/logo.png","width":600,"height":60}},"image":{"@type":"ImageObject","@id":"https:\/\/www.avalcz.cz\/wp-content\/uploads\/img_a371295_w2283_t1582786817.jpg","url":"https:\/\/www.avalcz.cz\/wp-content\/uploads\/img_a371295_w2283_t1582786817.jpg","height":0,"width":0},"keywords":null},{"@type":"Article","@id":"https:\/\/www.avalcz.cz\/ptejte-se-i-kdyz-si-myslite-ze-uz-mate-vybrano\/","headline":"Ptejte se, i kdy\u017e si mysl\u00edte, \u017ee u\u017e m\u00e1te vybr\u00e1no","url":"https:\/\/www.avalcz.cz\/ptejte-se-i-kdyz-si-myslite-ze-uz-mate-vybrano\/","datePublished":"2019-10-03","dateModified":"2023-05-04","mainEntityOfPage":"https:\/\/www.avalcz.cz\/ptejte-se-i-kdyz-si-myslite-ze-uz-mate-vybrano\/","author":{"@type":"Person","@id":"https:\/\/www.avalcz.cz\/author\/#Person","name":"avalcz.cz\n","url":"https:\/\/www.avalcz.cz\/author\/","identifier":1,"image":{"@type":"ImageObject","@id":"https:\/\/secure.gravatar.com\/avatar\/ccdd701717dc93db07d73e0c11dbbb8b91524cccc3bfbd3baea83667a3ebf5d6?s=96&d=mm&r=g","url":"https:\/\/secure.gravatar.com\/avatar\/ccdd701717dc93db07d73e0c11dbbb8b91524cccc3bfbd3baea83667a3ebf5d6?s=96&d=mm&r=g","height":96,"width":96}},"publisher":{"@type":"Organization","name":"avalcz.cz","logo":{"@type":"ImageObject","@id":"\/logo.png","url":"\/logo.png","width":600,"height":60}},"image":{"@type":"ImageObject","@id":"https:\/\/www.avalcz.cz\/wp-content\/uploads\/img_a367822_w2283_t1580298219.jpg","url":"https:\/\/www.avalcz.cz\/wp-content\/uploads\/img_a367822_w2283_t1580298219.jpg","height":0,"width":0},"keywords":null},{"@type":"Article","@id":"https:\/\/www.avalcz.cz\/se-zadosti-o-hypoteku-bez-registru-jiste-uspejete\/","headline":"Se \u017e\u00e1dost\u00ed o hypot\u00e9ku bez registru jist\u011b usp\u011bjete!","url":"https:\/\/www.avalcz.cz\/se-zadosti-o-hypoteku-bez-registru-jiste-uspejete\/","datePublished":"2019-09-12","dateModified":"2023-05-04","mainEntityOfPage":"https:\/\/www.avalcz.cz\/se-zadosti-o-hypoteku-bez-registru-jiste-uspejete\/","author":{"@type":"Person","@id":"https:\/\/www.avalcz.cz\/author\/#Person","name":"avalcz.cz\n","url":"https:\/\/www.avalcz.cz\/author\/","identifier":1,"image":{"@type":"ImageObject","@id":"https:\/\/secure.gravatar.com\/avatar\/ccdd701717dc93db07d73e0c11dbbb8b91524cccc3bfbd3baea83667a3ebf5d6?s=96&d=mm&r=g","url":"https:\/\/secure.gravatar.com\/avatar\/ccdd701717dc93db07d73e0c11dbbb8b91524cccc3bfbd3baea83667a3ebf5d6?s=96&d=mm&r=g","height":96,"width":96}},"publisher":{"@type":"Organization","name":"avalcz.cz","logo":{"@type":"ImageObject","@id":"\/logo.png","url":"\/logo.png","width":600,"height":60}},"image":{"@type":"ImageObject","@id":"https:\/\/www.avalcz.cz\/wp-content\/uploads\/img_a350554_w1736_t1565285293.jpg","url":"https:\/\/www.avalcz.cz\/wp-content\/uploads\/img_a350554_w1736_t1565285293.jpg","height":0,"width":0},"keywords":null},{"@type":"Article","@id":"https:\/\/www.avalcz.cz\/rozjet-podnikani-neni-hracka\/","headline":"Rozjet podnik\u00e1n\u00ed nen\u00ed hra\u010dka","url":"https:\/\/www.avalcz.cz\/rozjet-podnikani-neni-hracka\/","datePublished":"2018-08-08","dateModified":"2018-08-08","mainEntityOfPage":"https:\/\/www.avalcz.cz\/rozjet-podnikani-neni-hracka\/","author":{"@type":"Person","@id":"https:\/\/www.avalcz.cz\/author\/#Person","name":"avalcz.cz\n","url":"https:\/\/www.avalcz.cz\/author\/","identifier":1,"image":{"@type":"ImageObject","@id":"https:\/\/secure.gravatar.com\/avatar\/ccdd701717dc93db07d73e0c11dbbb8b91524cccc3bfbd3baea83667a3ebf5d6?s=96&d=mm&r=g","url":"https:\/\/secure.gravatar.com\/avatar\/ccdd701717dc93db07d73e0c11dbbb8b91524cccc3bfbd3baea83667a3ebf5d6?s=96&d=mm&r=g","height":96,"width":96}},"publisher":{"@type":"Organization","name":"avalcz.cz","logo":{"@type":"ImageObject","@id":"\/logo.png","url":"\/logo.png","width":600,"height":60}},"image":{"@type":"ImageObject","@id":"https:\/\/www.avalcz.cz\/wp-content\/uploads\/img_a323111_w2543_t1534920142.jpg","url":"https:\/\/www.avalcz.cz\/wp-content\/uploads\/img_a323111_w2543_t1534920142.jpg","height":0,"width":0},"keywords":null}]}