[{"@context":"https:\/\/schema.org\/","@type":"Article","@id":"https:\/\/www.avalcz.cz\/najdete-tu-poklady\/#Article","mainEntityOfPage":"https:\/\/www.avalcz.cz\/najdete-tu-poklady\/","headline":"Najdete tu poklady","name":"Najdete tu poklady","description":"U\u017e dlouhou dobu hled\u00e1te n\u011bjakou kvalitn\u00ed kabelku nebo ta\u0161ku, kterou byste s sebou mohla nosit do pr\u00e1ce a nemusela byste se o ni b\u00e1t na ka\u017ed\u00e9m kroku, zejm\u00e9na kv\u016fli po\u0161kozen\u00ed materi\u00e1lu? Nerada byste se do\u010dkala n\u011bjak\u00e9ho zbyte\u010dn\u00e9ho od\u0159en\u00ed, kdy\u017e si ji polo\u017e\u00edte v pr\u00e1ci vedle stolu nebo kdy\u017e se o v\u00e1s ot\u0159e n\u011bkdo ve m\u011bst\u011b?...","datePublished":"2017-08-09","dateModified":"2023-05-04","author":{"@type":"Person","@id":"https:\/\/www.avalcz.cz\/author\/#Person","name":"avalcz.cz\n","url":"https:\/\/www.avalcz.cz\/author\/","identifier":1,"image":{"@type":"ImageObject","@id":"https:\/\/secure.gravatar.com\/avatar\/ccdd701717dc93db07d73e0c11dbbb8b91524cccc3bfbd3baea83667a3ebf5d6?s=96&d=mm&r=g","url":"https:\/\/secure.gravatar.com\/avatar\/ccdd701717dc93db07d73e0c11dbbb8b91524cccc3bfbd3baea83667a3ebf5d6?s=96&d=mm&r=g","height":96,"width":96}},"publisher":{"@type":"Organization","name":"avalcz.cz","logo":{"@type":"ImageObject","@id":"\/logo.png","url":"\/logo.png","width":600,"height":60}},"image":{"@type":"ImageObject","@id":"https:\/\/www.avalcz.cz\/wp-content\/uploads\/img_a305048_w2283_t1516361988.jpg","url":"https:\/\/www.avalcz.cz\/wp-content\/uploads\/img_a305048_w2283_t1516361988.jpg","height":0,"width":0},"url":"https:\/\/www.avalcz.cz\/najdete-tu-poklady\/","about":["Kr\u00e1sa"],"wordCount":368,"articleBody":"       U\u017e dlouhou dobu hled\u00e1te n\u011bjakou kvalitn\u00ed kabelku nebo ta\u0161ku, kterou byste s sebou mohla nosit do pr\u00e1ce a nemusela byste se o ni b\u00e1t na ka\u017ed\u00e9m kroku, zejm\u00e9na kv\u016fli po\u0161kozen\u00ed materi\u00e1lu? Nerada byste se do\u010dkala n\u011bjak\u00e9ho zbyte\u010dn\u00e9ho od\u0159en\u00ed, kdy\u017e si ji polo\u017e\u00edte v pr\u00e1ci vedle stolu nebo kdy\u017e se o v\u00e1s ot\u0159e n\u011bkdo ve m\u011bst\u011b? Tomu rozum\u00edme, a m\u016f\u017eeme v\u00e1m nab\u00eddnout skute\u010dn\u011b vysoce kvalitn\u00ed zbo\u017e\u00ed, kter\u00e9 si v kr\u00e1tk\u00e9 dob\u011b obl\u00edb\u00edte. V\u011bnujeme se prodeji luxusn\u00edch kabelek a ta\u0161ek, ale v na\u0161em sortimentu najdete tak\u00e9 pen\u011b\u017eenky. Je mo\u017en\u00e9 se tedy sladit \u00fapln\u011b dokonale a koupit si t\u0159eba celou sadu. N\u00e1\u0161 sortiment hraje barvami, tak\u017ee a\u0165 u\u017e m\u00e1te r\u00e1da elegantn\u00ed v\u00ednovou, hn\u011bdou \u010di \u010dernou klasiku, nebo s\u00e1z\u00edte na n\u011bjakou odv\u00e1\u017en\u011bj\u0161\u00ed tyrkysovou \u010di zelenou, ur\u010dit\u011b si tu najdete to prav\u00e9 pro svou osobnost. Okuste p\u0159\u00edjemnost luxusu za p\u0159\u00edzniv\u00e9 ceny N\u011bkter\u00e9 \u017eeny si potrp\u00ed na to, aby jejich kabelka zvl\u00e1dala bez probl\u00e9mu de\u0161tiv\u00e9 po\u010das\u00ed, v zim\u011b pak sn\u00edh a pl\u00edskanice. Tomu naprosto rozum\u00edme, a proto jsou v na\u0161em sortimentu tak\u00e9 leskl\u00e9 ta\u0161ky i kabelky, kter\u00e9 jsou snadno omyvateln\u00e9, a pokud jim dop\u0159ejete spr\u00e1vn\u00e9 o\u0161et\u0159en\u00ed, vydr\u017e\u00ed v\u00e1m opravdu dlouhou dobu, i p\u0159esto\u017ee venku nebude zrovna jen sv\u00edtit slun\u00ed\u010dko. Krom\u011b toho, na\u0161e produkty jsou velice praktick\u00e9. D\u00e1v\u00e1me si z\u00e1le\u017eet na tom, aby vypadaly designov\u011b opravdu skv\u011ble, ale aby m\u011bly tak\u00e9 dostatek kapes, p\u0159\u00edpadn\u011b p\u0159ihr\u00e1dek \u2013 v p\u0159ehledn\u00e9 ta\u0161ce se ihned snadn\u011bji hled\u00e1 a nemus\u00edme se zlobit s t\u00edm, \u017ee nev\u00edme, jestli m\u00e1me kl\u00ed\u010de pod lahv\u00ed s vodou nebo pod pap\u00edry z pr\u00e1ce. Ud\u011blejte si tedy radost a odm\u011b\u0148te se za svou pr\u00e1ci opravdu hezkou kabelkou , ke kter\u00e9 si m\u016f\u017eete po\u0159\u00eddit p\u011bknou pen\u011b\u017eenku, abyste dob\u0159e ladila.                                                                                                                                                                                                                                                                                                                                                                                          3.8\/5 - (9 votes)        "},{"@context":"https:\/\/schema.org\/","@type":"BreadcrumbList","itemListElement":[{"@type":"ListItem","position":1,"name":"Najdete tu poklady","item":"https:\/\/www.avalcz.cz\/najdete-tu-poklady\/#breadcrumbitem"}]}]