[{"@context":"https:\/\/schema.org\/","@type":"Article","@id":"https:\/\/www.avalcz.cz\/pod-maskou-se-lepe-starne\/#Article","mainEntityOfPage":"https:\/\/www.avalcz.cz\/pod-maskou-se-lepe-starne\/","headline":"Pod maskou se l\u00e9pe st\u00e1rne","name":"Pod maskou se l\u00e9pe st\u00e1rne","description":"St\u00e1rneme v\u0161ichni, s\u00a0t\u00edm nic nenad\u011bl\u00e1me. Ale proces st\u00e1rnut\u00ed se d\u00e1 zbrzdit a zpomalit, kdy\u017e sv\u00e9mu t\u011blu a tak\u00e9 duchu, v\u011bnujete trochu toho \u010dasu a p\u00e9\u010de. Pozor! Tady se nejedn\u00e1 jen o \u017eeny, i mu\u017e\u016fm dnes na vzhledu st\u00e1le v\u00edce z\u00e1le\u017e\u00ed a necht\u011bj\u00ed vypadat sta\u0159e. V\u0161ak se tak\u00e9 r\u00e1di chlub\u00ed mlad\u00fdmi kr\u00e1skami po sv\u00e9m boku. Jedna...","datePublished":"2025-02-27","dateModified":"2023-05-04","author":{"@type":"Person","@id":"https:\/\/www.avalcz.cz\/author\/#Person","name":"avalcz.cz\n","url":"https:\/\/www.avalcz.cz\/author\/","identifier":1,"image":{"@type":"ImageObject","@id":"https:\/\/secure.gravatar.com\/avatar\/ccdd701717dc93db07d73e0c11dbbb8b91524cccc3bfbd3baea83667a3ebf5d6?s=96&d=mm&r=g","url":"https:\/\/secure.gravatar.com\/avatar\/ccdd701717dc93db07d73e0c11dbbb8b91524cccc3bfbd3baea83667a3ebf5d6?s=96&d=mm&r=g","height":96,"width":96}},"publisher":{"@type":"Organization","name":"avalcz.cz","logo":{"@type":"ImageObject","@id":"\/logo.png","url":"\/logo.png","width":600,"height":60}},"image":{"@type":"ImageObject","@id":"https:\/\/www.avalcz.cz\/wp-content\/uploads\/img_a307716_w2283_t1518968633.jpg","url":"https:\/\/www.avalcz.cz\/wp-content\/uploads\/img_a307716_w2283_t1518968633.jpg","height":0,"width":0},"url":"https:\/\/www.avalcz.cz\/pod-maskou-se-lepe-starne\/","about":["Kr\u00e1sa"],"wordCount":419,"articleBody":"St\u00e1rneme v\u0161ichni, s\u00a0t\u00edm nic nenad\u011bl\u00e1me. Ale proces st\u00e1rnut\u00ed se d\u00e1 zbrzdit a zpomalit, kdy\u017e sv\u00e9mu t\u011blu a tak\u00e9 duchu, v\u011bnujete trochu toho \u010dasu a p\u00e9\u010de. Pozor! Tady se nejedn\u00e1 jen o \u017eeny, i mu\u017e\u016fm dnes na vzhledu st\u00e1le v\u00edce z\u00e1le\u017e\u00ed a necht\u011bj\u00ed vypadat sta\u0159e. V\u0161ak se tak\u00e9 r\u00e1di chlub\u00ed mlad\u00fdmi kr\u00e1skami po sv\u00e9m boku.Jedna z\u00a0v\u011bc\u00ed, kter\u00e1 n\u00e1m pom\u016f\u017ee omladit n\u00e1\u0161 vzhled, l\u00e9pe \u0159e\u010deno vzhled na\u0161\u00ed poko\u017eky, je ple\u0165ov\u00e1 maska. Pod\u00edv\u00e1te-li se po cen\u00e1ch v\u00a0obchodech nebo na internetu, tak zjist\u00edte, \u017ee ji lze zakoupit ve velmi \u0161irok\u00e9m cenov\u00e9m rozp\u011bt\u00ed. Od p\u00e1r des\u00edtek korun a\u017e do tis\u00edc\u016f. Cena o kvalit\u011b a \u00fa\u010dinnosti masky zdaleka nerozhoduje, proto se nenechte zruinovat a za\u010dn\u011bte zkou\u0161et n\u011bkde kolem zlat\u00e9ho st\u0159edu. Na ka\u017ed\u00fd typ pleti funguje trochu n\u011bco jin\u00e9ho a z\u00e1le\u017e\u00ed na va\u0161em st\u00e1\u0159\u00ed, mastnot\u011b pleti, alergi\u00edch a mnoha dal\u0161\u00edch faktorech. Ide\u00e1ln\u011b se pora\u010fte v\u00a0kosmetick\u00e9m salonu, kde si rovnou m\u016f\u017eete n\u011bjakou masku vyzkou\u0161et, abyste vid\u011bli, jak pr\u00e1v\u011b va\u0161e ple\u0165 na ni bude reagovat. Vyplat\u00ed se z\u016fstat n\u011bjak\u00fd \u010das v\u011brn\u00fd jedn\u00e9 zna\u010dce a ne si poka\u017ed\u00e9 patlal na obli\u010dej masku jin\u00e9ho v\u00fdrobce. T\u00edm pak ple\u0165 sp\u00ed\u0161e trp\u00ed.Kdo d\u00e1 na tradice a z\u00e1rove\u0148 chce trochu u\u0161et\u0159it, tak se m\u016f\u017ee \u0159\u00eddit ji\u017e f\u00edgly a radami na\u0161ich babi\u010dek a zkusit n\u011bjakou dom\u00e1c\u00ed masku, kterou si vyrob\u00edte a nam\u00edch\u00e1te v\u00a0pohodl\u00ed va\u0161\u00ed kuchyn\u011b. M\u016f\u017ee to b\u00fdt z\u00e1bava pro celou rodinu, jen by nem\u011bla v\u00a0neprav\u00fd okam\u017eik zazvonit n\u00e1v\u0161t\u011bva u dve\u0159\u00ed. Mohla by se leknout a ut\u00e9ct. Dom\u00e1c\u00edch masek je mnoho druh\u016f, n\u011bkter\u00e9 si zde m\u016f\u017eeme zm\u00ednit.\u00b7\u00a0\u00a0\u00a0\u00a0\u00a0\u00a0\u00a0\u00a0 B\u00edlkovo-medov\u00e1 maskaPro rozjasn\u011bn\u00ed pleti vy\u0161lehat 2 b\u00edlky se l\u017ei\u010dkou medu\u00b7\u00a0\u00a0\u00a0\u00a0\u00a0\u00a0\u00a0\u00a0 Tvarohovo-medov\u00e1\u00a0 maskaPro hebkou ple\u0165 sm\u00edchejte l\u017e\u00edci tvarohu se 2 l\u017ei\u010dkami medu\u00b7\u00a0\u00a0\u00a0\u00a0\u00a0\u00a0\u00a0\u00a0 Maska z\u00a0ovesn\u00e9 moukyPeelingov\u00e1 maska pro vy\u010di\u0161t\u011bn\u00ed p\u00f3r\u016f, sm\u00edchejte mouku s\u00a0trochou vody\u00b7\u00a0\u00a0\u00a0\u00a0\u00a0\u00a0\u00a0\u00a0 Avok\u00e1dov\u00e1 maskaMaska pro citlivou ple\u0165\u00b7\u00a0\u00a0\u00a0\u00a0\u00a0\u00a0\u00a0\u00a0 Chlebovo-citronov\u00e1 maskaMaska proti vr\u00e1sk\u00e1m, chl\u00e9b namo\u010dte v\u00a0citronov\u00e9 \u0161\u0165\u00e1v\u011b                                                                                                                                                                                                                                                                                                                                                                                        4.2\/5 - (6 votes)        "},{"@context":"https:\/\/schema.org\/","@type":"BreadcrumbList","itemListElement":[{"@type":"ListItem","position":1,"name":"Pod maskou se l\u00e9pe st\u00e1rne","item":"https:\/\/www.avalcz.cz\/pod-maskou-se-lepe-starne\/#breadcrumbitem"}]}]