[{"@context":"https:\/\/schema.org\/","@type":"Article","@id":"https:\/\/www.avalcz.cz\/podkrovi\/#Article","mainEntityOfPage":"https:\/\/www.avalcz.cz\/podkrovi\/","headline":"Podkrov\u00ed","name":"Podkrov\u00ed","description":"V\u0161echna st\u0159e\u0161n\u00ed okna byla otev\u0159en\u00e1, aby se vyv\u011btral z\u00e1pach z lepidla na tapety \u2013 man\u017eelka si vymyslela, \u017ee se prost\u011b mus\u00ed tapetovat, ne\u017e se jejich mal\u00e1 narod\u00ed. S t\u011bmi p\u0159edchoz\u00edmi tapetami nebylo nic v nepo\u0159\u00e1dku, ale Daniele se nel\u00edbilo, \u017ee jsou \u0161ed\u00e9. Do d\u011btsk\u00e9ho pokoje by to cht\u011blo n\u011bco sv\u011btl\u00e9ho, vesel\u00e9ho, pastelov\u00e9ho. R\u00e1my a z\u00e1rubn\u011b...","datePublished":"2025-02-27","dateModified":"2025-02-27","author":{"@type":"Person","@id":"https:\/\/www.avalcz.cz\/author\/#Person","name":"avalcz.cz\n","url":"https:\/\/www.avalcz.cz\/author\/","identifier":1,"image":{"@type":"ImageObject","@id":"https:\/\/secure.gravatar.com\/avatar\/ccdd701717dc93db07d73e0c11dbbb8b91524cccc3bfbd3baea83667a3ebf5d6?s=96&d=mm&r=g","url":"https:\/\/secure.gravatar.com\/avatar\/ccdd701717dc93db07d73e0c11dbbb8b91524cccc3bfbd3baea83667a3ebf5d6?s=96&d=mm&r=g","height":96,"width":96}},"publisher":{"@type":"Organization","name":"avalcz.cz","logo":{"@type":"ImageObject","@id":"\/logo.png","url":"\/logo.png","width":600,"height":60}},"url":"https:\/\/www.avalcz.cz\/podkrovi\/","wordCount":173,"articleBody":"V\u0161echna st\u0159e\u0161n\u00ed okna byla otev\u0159en\u00e1, aby se vyv\u011btral z\u00e1pach z lepidla na tapety \u2013 man\u017eelka si vymyslela, \u017ee se prost\u011b mus\u00ed tapetovat, ne\u017e se jejich mal\u00e1 narod\u00ed. S t\u011bmi p\u0159edchoz\u00edmi tapetami nebylo nic v nepo\u0159\u00e1dku, ale Daniele se nel\u00edbilo, \u017ee jsou \u0161ed\u00e9. Do d\u011btsk\u00e9ho pokoje by to cht\u011blo n\u011bco sv\u011btl\u00e9ho, vesel\u00e9ho, pastelov\u00e9ho. R\u00e1my a z\u00e1rubn\u011b Radovan si o tom myslel svoje, ale samoz\u0159ejm\u011b nic ne\u0159ekl a zavolal si na pomoc bratra a jeho man\u017eelku, aby mu s pokoj\u00ed\u010dkem pro malou pomohli. Necht\u011bl se s Danielou h\u00e1dat, u\u017e tak byla vystresovan\u00e1. Tak\u017ee spole\u010dn\u011b s bratrem a \u0161vagrovou p\u0159eb\u00edlili strop, vytapetovali, umyli r\u00e1my oken i dve\u0159\u00ed a vy\u010distili \u017ealuzie, aby to tu mal\u00e1 m\u011bla kr\u00e1sn\u00e9, hned jak p\u0159ijde na sv\u011bt. Z\u00edtra se je\u0161t\u011b cht\u011bj\u00ed j\u00edt s Danielou pod\u00edvat na post\u00fdlky.                                                                                                                                                                                                                                                                                                                                                                                        5\/5 - (2 votes)        "},{"@context":"https:\/\/schema.org\/","@type":"BreadcrumbList","itemListElement":[{"@type":"ListItem","position":1,"name":"Podkrov\u00ed","item":"https:\/\/www.avalcz.cz\/podkrovi\/#breadcrumbitem"}]}]