[{"@context":"https:\/\/schema.org\/","@type":"Article","@id":"https:\/\/www.avalcz.cz\/volte-s-uvazenim-zejmena-barvu-a-miru-proskleni\/#Article","mainEntityOfPage":"https:\/\/www.avalcz.cz\/volte-s-uvazenim-zejmena-barvu-a-miru-proskleni\/","headline":"Volte s uv\u00e1\u017een\u00edm zejm\u00e9na barvu a m\u00edru prosklen\u00ed","name":"Volte s uv\u00e1\u017een\u00edm zejm\u00e9na barvu a m\u00edru prosklen\u00ed","description":"St\u011bhujete se do zcela nov\u00e9ho bytu a po\u0159izujete si zcela nov\u00e9 interi\u00e9rov\u00e9 dve\u0159e? Pak byste jist\u011b m\u011bli zn\u00e1t p\u00e1r z\u00e1kladn\u00edch princip\u016f, kter\u00e9 se tohoto nezbytn\u00e9ho bytov\u00e9ho prvku t\u00fdkaj\u00ed. P\u0159i v\u00fdb\u011bru t\u00e9to bytov\u00e9 sou\u010d\u00e1sti je t\u0159eba db\u00e1t zejm\u00e9na na jej\u00ed celkov\u00fd dojem, barevn\u00e9 proveden\u00ed a tak\u00e9 m\u00edru prosklen\u00ed. Pokud nap\u0159\u00edklad zvol\u00edte t\u011b\u017ek\u00fd tmav\u00fd masiv do neprosv\u011btlen\u00e9...","datePublished":"2025-08-31","dateModified":"2025-08-31","author":{"@type":"Person","@id":"https:\/\/www.avalcz.cz\/author\/#Person","name":"avalcz.cz\n","url":"https:\/\/www.avalcz.cz\/author\/","identifier":1,"image":{"@type":"ImageObject","@id":"https:\/\/secure.gravatar.com\/avatar\/ccdd701717dc93db07d73e0c11dbbb8b91524cccc3bfbd3baea83667a3ebf5d6?s=96&d=mm&r=g","url":"https:\/\/secure.gravatar.com\/avatar\/ccdd701717dc93db07d73e0c11dbbb8b91524cccc3bfbd3baea83667a3ebf5d6?s=96&d=mm&r=g","height":96,"width":96}},"publisher":{"@type":"Organization","name":"avalcz.cz","logo":{"@type":"ImageObject","@id":"\/logo.png","url":"\/logo.png","width":600,"height":60}},"url":"https:\/\/www.avalcz.cz\/volte-s-uvazenim-zejmena-barvu-a-miru-proskleni\/","wordCount":186,"articleBody":"St\u011bhujete se do zcela nov\u00e9ho bytu a po\u0159izujete si zcela nov\u00e9 interi\u00e9rov\u00e9 dve\u0159e? Pak byste jist\u011b m\u011bli zn\u00e1t p\u00e1r z\u00e1kladn\u00edch princip\u016f, kter\u00e9 se tohoto nezbytn\u00e9ho bytov\u00e9ho prvku t\u00fdkaj\u00ed. P\u0159i v\u00fdb\u011bru t\u00e9to bytov\u00e9 sou\u010d\u00e1sti je t\u0159eba db\u00e1t zejm\u00e9na na jej\u00ed celkov\u00fd dojem, barevn\u00e9 proveden\u00ed a tak\u00e9 m\u00edru prosklen\u00ed. Pokud nap\u0159\u00edklad zvol\u00edte t\u011b\u017ek\u00fd tmav\u00fd masiv do neprosv\u011btlen\u00e9 vstupn\u00ed chodby, stane se z tohoto prostoru sp\u00ed\u0161e kobka, ne\u017e p\u0159\u00edv\u011btiv\u00fd prostor, ve kter\u00e9m budete p\u0159ij\u00edmat sv\u00e9 hosty. Bytov\u00fd design je hra\u010dka Bytov\u00e1 architektura a design je ve skute\u010dnosti hra\u010dka, pokud zn\u00e1te p\u00e1r z\u00e1kladn\u00edch princip\u016f. Nap\u0159\u00edklad interi\u00e9rov\u00e9 dve\u0159e by m\u011bly barevn\u011b ladit s prostorem, kter\u00fd dopl\u0148uj\u00ed a pokud jsou um\u00edst\u011bny v tmav\u00fdch prostor\u00e1ch, pak by m\u011bly b\u00fdt voleny sp\u00ed\u0161e ve sv\u011btl\u00fdch t\u00f3nech a v leh\u010d\u00edm ka\u0161\u00edrovan\u00e9m proveden\u00ed ne\u017e nap\u0159\u00edklad v tmav\u00e9m masivu.                                                                                                                                                                                                                                                                                                                                                                                                "},{"@context":"https:\/\/schema.org\/","@type":"BreadcrumbList","itemListElement":[{"@type":"ListItem","position":1,"name":"Volte s uv\u00e1\u017een\u00edm zejm\u00e9na barvu a m\u00edru prosklen\u00ed","item":"https:\/\/www.avalcz.cz\/volte-s-uvazenim-zejmena-barvu-a-miru-proskleni\/#breadcrumbitem"}]}]